{"id":10016,"date":"2021-12-07T07:23:24","date_gmt":"2021-12-07T07:23:24","guid":{"rendered":"https:\/\/detektiv-international.de\/?p=10016"},"modified":"2021-12-07T14:16:15","modified_gmt":"2021-12-07T14:16:15","slug":"flucht-aus-der-eu-radikalisierung-und-gefaelschte-impfpaesse-und-impfpflicht-der-feind-und-verraeter-im-alltag","status":"publish","type":"post","link":"https:\/\/detektiv-international.de\/en\/flucht-aus-der-eu-radikalisierung-und-gefaelschte-impfpaesse-und-impfpflicht-der-feind-und-verraeter-im-alltag\/","title":{"rendered":"Flucht aus der EU, Radikalisierung und gef\u00e4lschte Impfp\u00e4sse und Impfpflicht &#8211; Der Feind und Verr\u00e4ter im Alltag?"},"content":{"rendered":"<p>&nbsp;<\/p>\n<p>Und t\u00e4glich gr\u00fc\u00dft das Murmeltier. Familienangeh\u00f6rige, Freunde, Arbeitskollegen, Manager, Unternehmer und F\u00fchrungskr\u00e4fte, Privatpersonen verschwinden pl\u00f6tzlich von heute auf morgen und gelten als vermisst. Radikalisierung, Flucht, gef\u00e4lschter Impfpass oder sich der Impfpflicht unterwerfen? Derartige Debatten haben sich l\u00e4ngst im engsten Familienkreis an den heimischen K\u00fcchentisch verlagert. Spaltung, <a href=\"https:\/\/www.rtl.de\/cms\/wegen-fake-impfpass-familie-ausgeloescht-vater-soll-ehefrau-und-toechter-in-koenigs-wusterhausen-getoetet-haben-4879465.html\">Denunzierung<\/a>, Verrat, Anschuldigungen gepaart mit Sicherheitsdiensten und Angestellten der freien Wirtschaft, die staatliche <a href=\"https:\/\/www.anwalt-suchservice.de\/rechtstipps\/impfpass_ist_ein_gefaelschter_eintrag_zur_corona-impfung_strafbar_27055.html\">Kontrollfunktionen<\/a> der \u00dcberwachung \u00fcbernommen haben. Hass und Hetze mit gegenseitigen Anschuldigungen im Internet und sozialen Medien.\u00a0 <a href=\"https:\/\/www.zeitklicks.de\/ddr\/zeitklicks\/zeit\/das-system\/ueberwachung-und-unterdrueckung\/die-stasi\/#:~:text=Unterdr%C3%BCckung%20der%20Bev%C3%B6lkerung.%20Die%20Bev%C3%B6lkerung%20wurde%20durch%20die,des%20Terrors%2C%20der%20Folter%20und%20der%20Zersetzung%20an.\">DDR 2.0<\/a> oder notwendige Ma\u00dfnahmen? Ja, wir bek\u00e4mpfen eine notwendigerweise eine <a href=\"https:\/\/www.karllauterbach.de\/\">Pandemie<\/a>, aber zu welchem Preis und wann m\u00fcssen wir aufpassen, dass die Lage nicht eskaliert?<\/p>\n<p>Recherchiert man im Umfeld zu den Vorg\u00e4ngen fallen einem immer wieder die gleichen Strickmuster auf. <a href=\"https:\/\/story.ndr.de\/querdenker\/index.html\">Impfgegner<\/a> und Impfbef\u00fcrworter stehen sich unvers\u00f6hnlich gegen\u00fcber und tragen die Streitereien sowohl im beruflichen als auch im privaten Umfeld erbittert aus. Pro und Contra spaltet alles, was es zu spalten gibt und bringen so manche dunkle Seite menschlichen Handelns ans Tageslicht. Erinnert sich noch jemand an die Stasi? Hier wurde eine Methode angewendet, die Menschen dazu veranlasste, selbst die eigenen Familienmitglieder, Freude und Arbeitskollegen wegen angeblicher staatsfeindlicher Aktivit\u00e4ten bei den Beh\u00f6rden anzuschw\u00e4rzen oder unter Druck zu setzen.<\/p>\n<p>Wir schreiben das Jahr 2021, zwei Jahre an und mit Corona. Die Impfpflicht r\u00fcckt n\u00e4her und somit auch die Suche nach Alternativen der drohenden Zwangsimpfung zu entgehen. Die einen fl\u00fcchten in Ausland, die anderen versuchen, die Impfpflicht mittels Trickserei\u00a0 zu umgehen. Die Verwendung gef\u00e4lschter Impfp\u00e4sse und Impfzertifikate scheint f\u00fcr viele der letzte Ausweg zu sein. Kriminelle haben diesen neuen Trend schon lange erkannt und f\u00e4lschen, was das Zeug h\u00e4lt, um <a href=\"https:\/\/www.swr.de\/swraktuell\/radio\/gefaelschte-impfausweise-apothekerin-erkennt-sie-auf-einen-blick-100.html\">Dokumente<\/a> f\u00fcr bare M\u00fcnze an den Mann zubringen. Der Empf\u00e4nger versucht bei Apotheken mithilfe dieser Fake-Zertifikate den erw\u00fcnschten QR-Code sozusagen, als Freifahrtschein zu erhalten. In der Vergangenheit hat die Machart sehr oft geklappt, zumal die Kontrollen oft nur sehr unzureichend waren. Ob die Impfung stattgefunden hat, bei wem und wo geimpft wurde, wer das Zertifikat unterschrieben hat, ist bei kurzen Sichtungskontrollen \u00fcbergangen worden und viele Bescheinigungen wurden im Schnelldurchlauf EU zertifiziert als g\u00fcltig best\u00e4tigt.<\/p>\n<p>Diese Vorg\u00e4nge wurden von den politischen Verantwortlichen genau beobachtet und entsprechend der Druck erh\u00f6ht. Apotheken und Beh\u00f6rden pr\u00fcfen dato wesentlich genauer, wer wann wo welches Zertifikat ausgestellt hat. Strafbarkeitsl\u00fccken werden rechtssicher geschlossen, die Luft f\u00fcr F\u00e4lscher und Anwender der Zertifikate wird d\u00fcnner. Die verabschiedeten Gesetze zu \u00c4nderungen und Erg\u00e4nzungen der Vorschriften der Paragrafen 275, 277 bis 279 und 281 <a href=\"https:\/\/www.faz.net\/aktuell\/politik\/inland\/corona-faelschungen-von-impfpaessen-sind-kuenftig-strafbar-17626257.html\">Strafgesetzbuch<\/a> (StGB) sehen vor, um unter anderem die Eintragung unrichtiger Impfdokumentationen in Impfausweisen ausdr\u00fccklich unter Strafe zu stellen.<\/p>\n<p>Klingt alles nach abgesegnetem Juristen-Deutsch. Aber was hei\u00dft diese Entscheidung f\u00fcr den Otto Normalverbraucher im Alltag und welche Folgen ergeben sich daraus? Schlimme Bef\u00fcrchtungen werden wach und erinnern stark an vergangene DDR-Zeiten. Familie, Freunde, Arbeitskollegen, Nachbarn, Konkurrenten, Bekanntschaften, jeder k\u00f6nnte zum Verr\u00e4ter werden und keiner traut dem anderen \u00fcber den Weg. Die Schatten der Vergangenheit werden wieder wach.<\/p>\n<p>Wie viele Menschen sind zu Stasi-Zeiten wegen <a href=\"https:\/\/www.mdr.de\/nachrichten\/deutschland\/politik\/messenger-dienste-hass-hetze-melden-100.html\">Behauptungen, Ger\u00fcchten und Anschuldigungen<\/a> unschuldig im Gef\u00e4ngnis gelandet? Das Wissen um eine m\u00f6gliche Benutzung gef\u00e4lschter Zertifikate ist ein ideales Erpressungsdruckmittel. Denunzianten k\u00f6nnten somit wahr los falsche Behauptungen aufstellen und unschuldige B\u00fcrger in Visier staatlicher Ermittlungen bringen. Schuldig oder unschuldig, es f\u00fchrt direkt in einen \u00dcberwachungsstaat mit ausufernden Denunziantentum, in dem keiner dem anderen mehr traut. Der Feind sitzt m\u00f6glicherweise schon am K\u00fcchentisch. Die Impfungen sind sicherlich notwendig, aber sie d\u00fcrfen niemals gesellschaftsspaltend zu DDR oder China Verh\u00e4ltnissen f\u00fchren. Der Radikalisierung wird Vorschub geleistet, Impfgegner werden ins Ausland fl\u00fcchten, Gauner und Betr\u00fcger werden nach neuen F\u00e4lschungsmethoden suchen und vermutlich auch finden und die Anwender gef\u00e4lschter Zertifikate f\u00fcrchten den Verrat in den eigenen Reihen. Bleiben noch die Denunzianten, deren Tagesgesch\u00e4ft daraus besteht, unliebsame B\u00fcrger an den Pranger zu stellen um ihnen gr\u00f6\u00dftm\u00f6glichen Schaden zuzuf\u00fcgen. Jeder gegen jeden hat auch schon mal in der <a href=\"https:\/\/de.wikipedia.org\/wiki\/Ministerium_f%C3%BCr_Staatssicherheit\">DDR<\/a> \u00fcber 40 Jahre funktioniert. Na dann, fr\u00f6hliche Weihnachten. Bleibt zu hoffen, dass derartige Zeiten nicht als D\u00e9j\u00e0-vu-Erlebnis wie ein b\u00f6ser Geist zur\u00fcckkehren. Eines ist sicher, aus der Vergangenheit scheint man nicht viel gelernt zu haben.<\/p>\n","protected":false},"excerpt":{"rendered":"<p>&nbsp; Und t\u00e4glich gr\u00fc\u00dft das Murmeltier. Familienangeh\u00f6rige, Freunde, Arbeitskollegen, Manager, Unternehmer und F\u00fchrungskr\u00e4fte, Privatpersonen verschwinden pl\u00f6tzlich von heute auf morgen und gelten als vermisst. Radikalisierung, Flucht, gef\u00e4lschter Impfpass oder sich der Impfpflicht unterwerfen? Derartige Debatten haben sich l\u00e4ngst im engsten Familienkreis an den heimischen K\u00fcchentisch verlagert. Spaltung, Denunzierung, Verrat, Anschuldigungen gepaart mit Sicherheitsdiensten und Angestellten [&hellip;]<\/p>\n","protected":false},"author":4,"featured_media":10031,"comment_status":"open","ping_status":"open","sticky":false,"template":"","format":"standard","meta":{"footnotes":""},"categories":[24719,24720,24721,25114,24907,24722,24723,24724,24725,24726,24727,24728,24729,24730,24731,24732,24733,24734,24735,24736,24737,24738,24739,25116,24740,26467,51,24911,26470,24745,24746,26474,24827,24747,26483,24748,24749,24750,24751,24752,24915,24753,26493,26494,24754,24755,24756,24757,24758,24759,24762,24763,1,26511,24764],"tags":[32692,32693,27664,33215,33216,33217,33218,31870,33059,33219,33095,27665,24770,24841,24774,27667,33096,28016,27668,24927,33220,31874,33221,31875,31876,33249,33222,32702,26932,33223,27751,33224,27874,33099,27670,33250,26748,27793,33251,31879,27671,33225,28566,28522,32708,27758,33226,27806,32631,33227,33252,33228,28051,33229,29468],"class_list":["post-10016","post","type-post","status-publish","format-standard","has-post-thumbnail","hentry","category-ausland-en","category-baden-wuerttemberg-en","category-bayern-en","category-bestechung-en","category-betrug-en","category-brandenburg-en","category-bundesland-en","category-compliance-management-en","category-detektiv-en","category-detektiv-asien-en","category-detektiv-berlin-en","category-detektiv-bremen-en","category-detektiv-dortmund-en","category-detektiv-dresden-en","category-detektiv-duesseldorf-en","category-detektiv-essen-en","category-detektiv-hamburg-en","category-detektiv-hannover-en","category-detektiv-koeln-en","category-detektiv-leipzig-en","category-detektiv-muenchen-en","category-detektiv-nuernburg-en","category-detektiv-stuttgart-en","category-erpessung-en","category-existenzbedrohung-en","category-faelschung-en","category-frankfurt-am-main","category-geheimnisverrat-en","category-hehlerei-en","category-hessen-en","category-hilfe-bei-problemen-en","category-intrige-en","category-krisenmanagement-en","category-mecklenburg-vorpommern-en","category-nachbarschaftsstreit-en","category-niedersachsen-en","category-nordrhein-westfalen-nrw-en","category-personenfahndung-en","category-personensuche-en","category-privatdetektiv-en","category-privatermittlungen-en","category-problem-solving-troubleshooting-en","category-psychoterror-en","category-radikalisierung-en","category-rheinland-pfalz-en","category-riskmanagement-en","category-saarland-en","category-sachsen-en","category-sachsen-anhalt-en","category-schleswig-holstein-en","category-stadt-en","category-thueringen-en","category-uncategorized","category-verrat-en","category-wirtschaftsdetektiv-en","tag-2g-en","tag-3g-en","tag-afd-en","tag-ampel-en","tag-apotheken-en","tag-arzt-en","tag-aerzte-en","tag-biontech-en","tag-booster-en","tag-boostern-en","tag-bundeskanzler-en","tag-cdu-en","tag-corona-en","tag-covid-en","tag-covid19-en","tag-csu-en","tag-die-gruenen-en","tag-facebook-en","tag-fdp-en","tag-flucht-en","tag-gefaelschte-impfausweise-en","tag-gesundheitsminister-en","tag-hospitalisierung-en","tag-impfausweis-en","tag-impfen-en","tag-impfgegner-en","tag-impfpass-en","tag-impfpflicht-en","tag-impfung-en","tag-impfzertifikate-en","tag-impfzwang-en","tag-inzidenzen-en","tag-kontrolle-en","tag-lauterbach-en","tag-linke-en","tag-linkegewalt-en","tag-lockdown-en","tag-lockdownlight-en","tag-messenger-en","tag-moderna-en","tag-pandemie-en","tag-pfizer-en","tag-querdenker-en","tag-radikalisierung-en","tag-rechte-gewalt-en","tag-rki-en","tag-scholz-en","tag-spahn-en","tag-spd-en","tag-strafen-en","tag-telegram-en","tag-todeszahlen-en","tag-twitter-en","tag-verordnung-en","tag-whatsapp-en"],"yoast_head":"<!-- This site is optimized with the Yoast SEO Premium plugin v22.4 (Yoast SEO v27.5) - https:\/\/yoast.com\/product\/yoast-seo-premium-wordpress\/ -->\n<title>Flucht aus der EU, Radikalisierung und gef\u00e4lschte Impfp\u00e4sse und Impfpflicht - Der Feind und Verr\u00e4ter im Alltag? &#171; ManagerSOS<\/title>\n<meta name=\"robots\" content=\"index, follow, max-snippet:-1, max-image-preview:large, max-video-preview:-1\" \/>\n<link rel=\"canonical\" href=\"https:\/\/detektiv-international.de\/en\/flucht-aus-der-eu-radikalisierung-und-gefaelschte-impfpaesse-und-impfpflicht-der-feind-und-verraeter-im-alltag\/\" \/>\n<meta property=\"og:locale\" content=\"en_US\" \/>\n<meta property=\"og:type\" content=\"article\" \/>\n<meta property=\"og:title\" content=\"Flucht aus der EU, Radikalisierung und gef\u00e4lschte Impfp\u00e4sse und Impfpflicht - Der Feind und Verr\u00e4ter im Alltag?\" \/>\n<meta property=\"og:description\" content=\"&nbsp; Und t\u00e4glich gr\u00fc\u00dft das Murmeltier. Familienangeh\u00f6rige, Freunde, Arbeitskollegen, Manager, Unternehmer und F\u00fchrungskr\u00e4fte, Privatpersonen verschwinden pl\u00f6tzlich von heute auf morgen und gelten als vermisst. Radikalisierung, Flucht, gef\u00e4lschter Impfpass oder sich der Impfpflicht unterwerfen? Derartige Debatten haben sich l\u00e4ngst im engsten Familienkreis an den heimischen K\u00fcchentisch verlagert. Spaltung, Denunzierung, Verrat, Anschuldigungen gepaart mit Sicherheitsdiensten und Angestellten [&hellip;]\" \/>\n<meta property=\"og:url\" content=\"https:\/\/detektiv-international.de\/en\/flucht-aus-der-eu-radikalisierung-und-gefaelschte-impfpaesse-und-impfpflicht-der-feind-und-verraeter-im-alltag\/\" \/>\n<meta property=\"og:site_name\" content=\"ManagerSOS\" \/>\n<meta property=\"article:publisher\" content=\"https:\/\/www.facebook.com\/detekteiwirtschaftsdetekteimanagersos\/\" \/>\n<meta property=\"article:published_time\" content=\"2021-12-07T07:23:24+00:00\" \/>\n<meta property=\"article:modified_time\" content=\"2021-12-07T14:16:15+00:00\" \/>\n<meta property=\"og:image\" content=\"https:\/\/detektiv-international.de\/wp-content\/uploads\/2021\/12\/digital-vaccination-record-6314529_1920.jpg\" \/>\n\t<meta property=\"og:image:width\" content=\"1920\" \/>\n\t<meta property=\"og:image:height\" content=\"1267\" \/>\n\t<meta property=\"og:image:type\" content=\"image\/jpeg\" \/>\n<meta name=\"author\" content=\"Frank\" \/>\n<meta name=\"twitter:card\" content=\"summary_large_image\" \/>\n<meta name=\"twitter:creator\" content=\"@DetekteiFFM\" \/>\n<meta name=\"twitter:site\" content=\"@DetekteiFFM\" \/>\n<meta name=\"twitter:label1\" content=\"Written by\" \/>\n\t<meta name=\"twitter:data1\" content=\"Frank\" \/>\n\t<meta name=\"twitter:label2\" content=\"Est. reading time\" \/>\n\t<meta name=\"twitter:data2\" content=\"4 minutes\" \/>\n<script type=\"application\/ld+json\" class=\"yoast-schema-graph\">{\"@context\":\"https:\\\/\\\/schema.org\",\"@graph\":[{\"@type\":\"Article\",\"@id\":\"https:\\\/\\\/detektiv-international.de\\\/en\\\/flucht-aus-der-eu-radikalisierung-und-gefaelschte-impfpaesse-und-impfpflicht-der-feind-und-verraeter-im-alltag\\\/#article\",\"isPartOf\":{\"@id\":\"https:\\\/\\\/detektiv-international.de\\\/en\\\/flucht-aus-der-eu-radikalisierung-und-gefaelschte-impfpaesse-und-impfpflicht-der-feind-und-verraeter-im-alltag\\\/\"},\"author\":{\"name\":\"Frank\",\"@id\":\"https:\\\/\\\/detektiv-international.de\\\/en\\\/#\\\/schema\\\/person\\\/109286ca741a9ce70669804cd5fe3968\"},\"headline\":\"Flucht aus der EU, Radikalisierung und gef\u00e4lschte Impfp\u00e4sse und Impfpflicht &#8211; Der Feind und Verr\u00e4ter im Alltag?\",\"datePublished\":\"2021-12-07T07:23:24+00:00\",\"dateModified\":\"2021-12-07T14:16:15+00:00\",\"mainEntityOfPage\":{\"@id\":\"https:\\\/\\\/detektiv-international.de\\\/en\\\/flucht-aus-der-eu-radikalisierung-und-gefaelschte-impfpaesse-und-impfpflicht-der-feind-und-verraeter-im-alltag\\\/\"},\"wordCount\":745,\"commentCount\":0,\"publisher\":{\"@id\":\"https:\\\/\\\/detektiv-international.de\\\/en\\\/#organization\"},\"image\":{\"@id\":\"https:\\\/\\\/detektiv-international.de\\\/en\\\/flucht-aus-der-eu-radikalisierung-und-gefaelschte-impfpaesse-und-impfpflicht-der-feind-und-verraeter-im-alltag\\\/#primaryimage\"},\"thumbnailUrl\":\"https:\\\/\\\/detektiv-international.de\\\/wp-content\\\/uploads\\\/2021\\\/12\\\/digital-vaccination-record-6314529_1920.jpg\",\"keywords\":[\"2G\",\"3G\",\"AfD\",\"ampel\",\"Apotheken\",\"arzt\",\"\u00e4rzte\",\"biontech\",\"booster\",\"boostern\",\"Bundeskanzler\",\"cdu\",\"Corona\",\"Covid\",\"Covid19\",\"csu\",\"die Gr\u00fcnen\",\"Facebook\",\"fdp\",\"flucht\",\"gef\u00e4lschte Impfausweise\",\"gesundheitsminister\",\"Hospitalisierung\",\"Impfausweis\",\"impfen\",\"impfgegner\",\"impfpass\",\"Impfpflicht\",\"impfung\",\"impfzertifikate\",\"impfzwang\",\"Inzidenzen\",\"Kontrolle\",\"lauterbach\",\"linke\",\"linkegewalt\",\"lockdown\",\"lockdownlight\",\"messenger\",\"Moderna\",\"pandemie\",\"Pfizer\",\"querdenker\",\"radikalisierung\",\"Rechte Gewalt\",\"rki\",\"scholz\",\"spahn\",\"SPD\",\"strafen\",\"telegram\",\"Todeszahlen\",\"Twitter\",\"verordnung\",\"Whatsapp\"],\"articleSection\":{\"0\":\"AUSLAND\",\"1\":\"BADEN W\u00dcRTTEMBERG\",\"2\":\"BAYERN\",\"3\":\"BESTECHUNG\",\"4\":\"BETRUG\",\"5\":\"BRANDENBURG\",\"6\":\"Bundesland\",\"7\":\"COMPLIANCE MANAGEMENT\",\"8\":\"DETEKTIV\",\"9\":\"DETEKTIV ASIEN\",\"10\":\"DETEKTIV BERLIN\",\"11\":\"DETEKTIV BREMEN\",\"12\":\"DETEKTIV DORTMUND\",\"13\":\"DETEKTIV DRESDEN\",\"14\":\"DETEKTIV DUESSELDORF\",\"15\":\"DETEKTIV ESSEN\",\"16\":\"DETEKTIV HAMBURG\",\"17\":\"DETEKTIV HANNOVER\",\"18\":\"DETEKTIV KOELN\",\"19\":\"DETEKTIV LEIPZIG\",\"20\":\"DETEKTIV MUENCHEN\",\"21\":\"DETEKTIV NUERNBURG\",\"22\":\"DETEKTIV STUTTGART\",\"23\":\"ERPRESSUNG\",\"24\":\"Existenzbedrohung\",\"25\":\"F\u00c4LSCHUNG\",\"26\":\"Frankfurt am Main\",\"27\":\"GEHEIMNISVERRAT\",\"28\":\"HEHLEREI\",\"29\":\"HESSEN\",\"30\":\"HILFE BEI PROBLEMEN\",\"31\":\"INTRIGE\",\"32\":\"KRISENMANAGEMENT\",\"33\":\"MECKLENBURG-VORPOMMERN\",\"34\":\"NACHBARSCHAFTSSTREIT\",\"35\":\"NIEDERSACHSEN\",\"36\":\"Nordrhein-Westfalen-NRW\",\"37\":\"PERSONENFAHNDUNG\",\"38\":\"PERSONENSUCHE\",\"39\":\"PRIVATDETEKTIV\",\"40\":\"PRIVATERMITTLUNGEN\",\"41\":\"Problem Solving &amp; Troubleshooting\",\"42\":\"PSYCHOTERROR\",\"43\":\"RADIKALISIERUNG\",\"44\":\"RHEINLAND-PFALZ\",\"45\":\"RISK MANAGEMENT\",\"46\":\"SAARLAND\",\"47\":\"SACHSEN\",\"48\":\"SACHSEN-ANHALT\",\"49\":\"SCHLESWIG-HOLSTEIN\",\"50\":\"Stadt\",\"51\":\"TH\u00dcRINGEN\",\"53\":\"VERRAT\",\"54\":\"WIRTSCHAFTSDETEKTIV\"},\"inLanguage\":\"en-US\",\"potentialAction\":[{\"@type\":\"CommentAction\",\"name\":\"Comment\",\"target\":[\"https:\\\/\\\/detektiv-international.de\\\/en\\\/flucht-aus-der-eu-radikalisierung-und-gefaelschte-impfpaesse-und-impfpflicht-der-feind-und-verraeter-im-alltag\\\/#respond\"]}]},{\"@type\":\"WebPage\",\"@id\":\"https:\\\/\\\/detektiv-international.de\\\/en\\\/flucht-aus-der-eu-radikalisierung-und-gefaelschte-impfpaesse-und-impfpflicht-der-feind-und-verraeter-im-alltag\\\/\",\"url\":\"https:\\\/\\\/detektiv-international.de\\\/en\\\/flucht-aus-der-eu-radikalisierung-und-gefaelschte-impfpaesse-und-impfpflicht-der-feind-und-verraeter-im-alltag\\\/\",\"name\":\"Flucht aus der EU, Radikalisierung und gef\u00e4lschte Impfp\u00e4sse und Impfpflicht - Der Feind und Verr\u00e4ter im Alltag? &#171; ManagerSOS\",\"isPartOf\":{\"@id\":\"https:\\\/\\\/detektiv-international.de\\\/en\\\/#website\"},\"primaryImageOfPage\":{\"@id\":\"https:\\\/\\\/detektiv-international.de\\\/en\\\/flucht-aus-der-eu-radikalisierung-und-gefaelschte-impfpaesse-und-impfpflicht-der-feind-und-verraeter-im-alltag\\\/#primaryimage\"},\"image\":{\"@id\":\"https:\\\/\\\/detektiv-international.de\\\/en\\\/flucht-aus-der-eu-radikalisierung-und-gefaelschte-impfpaesse-und-impfpflicht-der-feind-und-verraeter-im-alltag\\\/#primaryimage\"},\"thumbnailUrl\":\"https:\\\/\\\/detektiv-international.de\\\/wp-content\\\/uploads\\\/2021\\\/12\\\/digital-vaccination-record-6314529_1920.jpg\",\"datePublished\":\"2021-12-07T07:23:24+00:00\",\"dateModified\":\"2021-12-07T14:16:15+00:00\",\"breadcrumb\":{\"@id\":\"https:\\\/\\\/detektiv-international.de\\\/en\\\/flucht-aus-der-eu-radikalisierung-und-gefaelschte-impfpaesse-und-impfpflicht-der-feind-und-verraeter-im-alltag\\\/#breadcrumb\"},\"inLanguage\":\"en-US\",\"potentialAction\":[{\"@type\":\"ReadAction\",\"target\":[\"https:\\\/\\\/detektiv-international.de\\\/en\\\/flucht-aus-der-eu-radikalisierung-und-gefaelschte-impfpaesse-und-impfpflicht-der-feind-und-verraeter-im-alltag\\\/\"]}]},{\"@type\":\"ImageObject\",\"inLanguage\":\"en-US\",\"@id\":\"https:\\\/\\\/detektiv-international.de\\\/en\\\/flucht-aus-der-eu-radikalisierung-und-gefaelschte-impfpaesse-und-impfpflicht-der-feind-und-verraeter-im-alltag\\\/#primaryimage\",\"url\":\"https:\\\/\\\/detektiv-international.de\\\/wp-content\\\/uploads\\\/2021\\\/12\\\/digital-vaccination-record-6314529_1920.jpg\",\"contentUrl\":\"https:\\\/\\\/detektiv-international.de\\\/wp-content\\\/uploads\\\/2021\\\/12\\\/digital-vaccination-record-6314529_1920.jpg\",\"width\":1920,\"height\":1267},{\"@type\":\"BreadcrumbList\",\"@id\":\"https:\\\/\\\/detektiv-international.de\\\/en\\\/flucht-aus-der-eu-radikalisierung-und-gefaelschte-impfpaesse-und-impfpflicht-der-feind-und-verraeter-im-alltag\\\/#breadcrumb\",\"itemListElement\":[{\"@type\":\"ListItem\",\"position\":1,\"name\":\"Home\",\"item\":\"https:\\\/\\\/detektiv-international.de\\\/en\\\/\"},{\"@type\":\"ListItem\",\"position\":2,\"name\":\"Flucht aus der EU, Radikalisierung und gef\u00e4lschte Impfp\u00e4sse und Impfpflicht &#8211; Der Feind und Verr\u00e4ter im Alltag?\"}]},{\"@type\":\"WebSite\",\"@id\":\"https:\\\/\\\/detektiv-international.de\\\/en\\\/#website\",\"url\":\"https:\\\/\\\/detektiv-international.de\\\/en\\\/\",\"name\":\"ManagerSOS\",\"description\":\"Detective Agency\",\"publisher\":{\"@id\":\"https:\\\/\\\/detektiv-international.de\\\/en\\\/#organization\"},\"potentialAction\":[{\"@type\":\"SearchAction\",\"target\":{\"@type\":\"EntryPoint\",\"urlTemplate\":\"https:\\\/\\\/detektiv-international.de\\\/en\\\/?s={search_term_string}\"},\"query-input\":{\"@type\":\"PropertyValueSpecification\",\"valueRequired\":true,\"valueName\":\"search_term_string\"}}],\"inLanguage\":\"en-US\"},{\"@type\":\"Organization\",\"@id\":\"https:\\\/\\\/detektiv-international.de\\\/en\\\/#organization\",\"name\":\"Detektei und Wirtschafstdetektei ManagerSOS - Detektive\",\"url\":\"https:\\\/\\\/detektiv-international.de\\\/en\\\/\",\"logo\":{\"@type\":\"ImageObject\",\"inLanguage\":\"en-US\",\"@id\":\"https:\\\/\\\/detektiv-international.de\\\/en\\\/#\\\/schema\\\/logo\\\/image\\\/\",\"url\":\"https:\\\/\\\/detektiv-international.de\\\/wp-content\\\/uploads\\\/2018\\\/12\\\/Nummern.jpg\",\"contentUrl\":\"https:\\\/\\\/detektiv-international.de\\\/wp-content\\\/uploads\\\/2018\\\/12\\\/Nummern.jpg\",\"width\":600,\"height\":300,\"caption\":\"Detektei und Wirtschafstdetektei ManagerSOS - Detektive\"},\"image\":{\"@id\":\"https:\\\/\\\/detektiv-international.de\\\/en\\\/#\\\/schema\\\/logo\\\/image\\\/\"},\"sameAs\":[\"https:\\\/\\\/www.facebook.com\\\/detekteiwirtschaftsdetekteimanagersos\\\/\",\"https:\\\/\\\/x.com\\\/DetekteiFFM\",\"https:\\\/\\\/www.instagram.com\\\/detekteimanagersos\\\/\",\"https:\\\/\\\/www.linkedin.com\\\/in\\\/ismael-gerafin-6a5a37b5\\\/\"]},{\"@type\":\"Person\",\"@id\":\"https:\\\/\\\/detektiv-international.de\\\/en\\\/#\\\/schema\\\/person\\\/109286ca741a9ce70669804cd5fe3968\",\"name\":\"Frank\",\"image\":{\"@type\":\"ImageObject\",\"inLanguage\":\"en-US\",\"@id\":\"https:\\\/\\\/secure.gravatar.com\\\/avatar\\\/ebd1e55d8c635144f0aa7a4519897ea9d3aa6d4a527cde3ca8b1b0ba2a55b6d2?s=96&d=mm&r=g\",\"url\":\"https:\\\/\\\/secure.gravatar.com\\\/avatar\\\/ebd1e55d8c635144f0aa7a4519897ea9d3aa6d4a527cde3ca8b1b0ba2a55b6d2?s=96&d=mm&r=g\",\"contentUrl\":\"https:\\\/\\\/secure.gravatar.com\\\/avatar\\\/ebd1e55d8c635144f0aa7a4519897ea9d3aa6d4a527cde3ca8b1b0ba2a55b6d2?s=96&d=mm&r=g\",\"caption\":\"Frank\"},\"url\":\"https:\\\/\\\/detektiv-international.de\\\/en\\\/author\\\/frank\\\/\"}]}<\/script>\n<!-- \/ Yoast SEO Premium plugin. -->","yoast_head_json":{"title":"Flucht aus der EU, Radikalisierung und gef\u00e4lschte Impfp\u00e4sse und Impfpflicht - Der Feind und Verr\u00e4ter im Alltag? &#171; ManagerSOS","robots":{"index":"index","follow":"follow","max-snippet":"max-snippet:-1","max-image-preview":"max-image-preview:large","max-video-preview":"max-video-preview:-1"},"canonical":"https:\/\/detektiv-international.de\/en\/flucht-aus-der-eu-radikalisierung-und-gefaelschte-impfpaesse-und-impfpflicht-der-feind-und-verraeter-im-alltag\/","og_locale":"en_US","og_type":"article","og_title":"Flucht aus der EU, Radikalisierung und gef\u00e4lschte Impfp\u00e4sse und Impfpflicht - Der Feind und Verr\u00e4ter im Alltag?","og_description":"&nbsp; Und t\u00e4glich gr\u00fc\u00dft das Murmeltier. Familienangeh\u00f6rige, Freunde, Arbeitskollegen, Manager, Unternehmer und F\u00fchrungskr\u00e4fte, Privatpersonen verschwinden pl\u00f6tzlich von heute auf morgen und gelten als vermisst. Radikalisierung, Flucht, gef\u00e4lschter Impfpass oder sich der Impfpflicht unterwerfen? Derartige Debatten haben sich l\u00e4ngst im engsten Familienkreis an den heimischen K\u00fcchentisch verlagert. Spaltung, Denunzierung, Verrat, Anschuldigungen gepaart mit Sicherheitsdiensten und Angestellten [&hellip;]","og_url":"https:\/\/detektiv-international.de\/en\/flucht-aus-der-eu-radikalisierung-und-gefaelschte-impfpaesse-und-impfpflicht-der-feind-und-verraeter-im-alltag\/","og_site_name":"ManagerSOS","article_publisher":"https:\/\/www.facebook.com\/detekteiwirtschaftsdetekteimanagersos\/","article_published_time":"2021-12-07T07:23:24+00:00","article_modified_time":"2021-12-07T14:16:15+00:00","og_image":[{"width":1920,"height":1267,"url":"https:\/\/detektiv-international.de\/wp-content\/uploads\/2021\/12\/digital-vaccination-record-6314529_1920.jpg","type":"image\/jpeg"}],"author":"Frank","twitter_card":"summary_large_image","twitter_creator":"@DetekteiFFM","twitter_site":"@DetekteiFFM","twitter_misc":{"Written by":"Frank","Est. reading time":"4 minutes"},"schema":{"@context":"https:\/\/schema.org","@graph":[{"@type":"Article","@id":"https:\/\/detektiv-international.de\/en\/flucht-aus-der-eu-radikalisierung-und-gefaelschte-impfpaesse-und-impfpflicht-der-feind-und-verraeter-im-alltag\/#article","isPartOf":{"@id":"https:\/\/detektiv-international.de\/en\/flucht-aus-der-eu-radikalisierung-und-gefaelschte-impfpaesse-und-impfpflicht-der-feind-und-verraeter-im-alltag\/"},"author":{"name":"Frank","@id":"https:\/\/detektiv-international.de\/en\/#\/schema\/person\/109286ca741a9ce70669804cd5fe3968"},"headline":"Flucht aus der EU, Radikalisierung und gef\u00e4lschte Impfp\u00e4sse und Impfpflicht &#8211; Der Feind und Verr\u00e4ter im Alltag?","datePublished":"2021-12-07T07:23:24+00:00","dateModified":"2021-12-07T14:16:15+00:00","mainEntityOfPage":{"@id":"https:\/\/detektiv-international.de\/en\/flucht-aus-der-eu-radikalisierung-und-gefaelschte-impfpaesse-und-impfpflicht-der-feind-und-verraeter-im-alltag\/"},"wordCount":745,"commentCount":0,"publisher":{"@id":"https:\/\/detektiv-international.de\/en\/#organization"},"image":{"@id":"https:\/\/detektiv-international.de\/en\/flucht-aus-der-eu-radikalisierung-und-gefaelschte-impfpaesse-und-impfpflicht-der-feind-und-verraeter-im-alltag\/#primaryimage"},"thumbnailUrl":"https:\/\/detektiv-international.de\/wp-content\/uploads\/2021\/12\/digital-vaccination-record-6314529_1920.jpg","keywords":["2G","3G","AfD","ampel","Apotheken","arzt","\u00e4rzte","biontech","booster","boostern","Bundeskanzler","cdu","Corona","Covid","Covid19","csu","die Gr\u00fcnen","Facebook","fdp","flucht","gef\u00e4lschte Impfausweise","gesundheitsminister","Hospitalisierung","Impfausweis","impfen","impfgegner","impfpass","Impfpflicht","impfung","impfzertifikate","impfzwang","Inzidenzen","Kontrolle","lauterbach","linke","linkegewalt","lockdown","lockdownlight","messenger","Moderna","pandemie","Pfizer","querdenker","radikalisierung","Rechte Gewalt","rki","scholz","spahn","SPD","strafen","telegram","Todeszahlen","Twitter","verordnung","Whatsapp"],"articleSection":{"0":"AUSLAND","1":"BADEN W\u00dcRTTEMBERG","2":"BAYERN","3":"BESTECHUNG","4":"BETRUG","5":"BRANDENBURG","6":"Bundesland","7":"COMPLIANCE MANAGEMENT","8":"DETEKTIV","9":"DETEKTIV ASIEN","10":"DETEKTIV BERLIN","11":"DETEKTIV BREMEN","12":"DETEKTIV DORTMUND","13":"DETEKTIV DRESDEN","14":"DETEKTIV DUESSELDORF","15":"DETEKTIV ESSEN","16":"DETEKTIV HAMBURG","17":"DETEKTIV HANNOVER","18":"DETEKTIV KOELN","19":"DETEKTIV LEIPZIG","20":"DETEKTIV MUENCHEN","21":"DETEKTIV NUERNBURG","22":"DETEKTIV STUTTGART","23":"ERPRESSUNG","24":"Existenzbedrohung","25":"F\u00c4LSCHUNG","26":"Frankfurt am Main","27":"GEHEIMNISVERRAT","28":"HEHLEREI","29":"HESSEN","30":"HILFE BEI PROBLEMEN","31":"INTRIGE","32":"KRISENMANAGEMENT","33":"MECKLENBURG-VORPOMMERN","34":"NACHBARSCHAFTSSTREIT","35":"NIEDERSACHSEN","36":"Nordrhein-Westfalen-NRW","37":"PERSONENFAHNDUNG","38":"PERSONENSUCHE","39":"PRIVATDETEKTIV","40":"PRIVATERMITTLUNGEN","41":"Problem Solving &amp; Troubleshooting","42":"PSYCHOTERROR","43":"RADIKALISIERUNG","44":"RHEINLAND-PFALZ","45":"RISK MANAGEMENT","46":"SAARLAND","47":"SACHSEN","48":"SACHSEN-ANHALT","49":"SCHLESWIG-HOLSTEIN","50":"Stadt","51":"TH\u00dcRINGEN","53":"VERRAT","54":"WIRTSCHAFTSDETEKTIV"},"inLanguage":"en-US","potentialAction":[{"@type":"CommentAction","name":"Comment","target":["https:\/\/detektiv-international.de\/en\/flucht-aus-der-eu-radikalisierung-und-gefaelschte-impfpaesse-und-impfpflicht-der-feind-und-verraeter-im-alltag\/#respond"]}]},{"@type":"WebPage","@id":"https:\/\/detektiv-international.de\/en\/flucht-aus-der-eu-radikalisierung-und-gefaelschte-impfpaesse-und-impfpflicht-der-feind-und-verraeter-im-alltag\/","url":"https:\/\/detektiv-international.de\/en\/flucht-aus-der-eu-radikalisierung-und-gefaelschte-impfpaesse-und-impfpflicht-der-feind-und-verraeter-im-alltag\/","name":"Flucht aus der EU, Radikalisierung und gef\u00e4lschte Impfp\u00e4sse und Impfpflicht - Der Feind und Verr\u00e4ter im Alltag? &#171; ManagerSOS","isPartOf":{"@id":"https:\/\/detektiv-international.de\/en\/#website"},"primaryImageOfPage":{"@id":"https:\/\/detektiv-international.de\/en\/flucht-aus-der-eu-radikalisierung-und-gefaelschte-impfpaesse-und-impfpflicht-der-feind-und-verraeter-im-alltag\/#primaryimage"},"image":{"@id":"https:\/\/detektiv-international.de\/en\/flucht-aus-der-eu-radikalisierung-und-gefaelschte-impfpaesse-und-impfpflicht-der-feind-und-verraeter-im-alltag\/#primaryimage"},"thumbnailUrl":"https:\/\/detektiv-international.de\/wp-content\/uploads\/2021\/12\/digital-vaccination-record-6314529_1920.jpg","datePublished":"2021-12-07T07:23:24+00:00","dateModified":"2021-12-07T14:16:15+00:00","breadcrumb":{"@id":"https:\/\/detektiv-international.de\/en\/flucht-aus-der-eu-radikalisierung-und-gefaelschte-impfpaesse-und-impfpflicht-der-feind-und-verraeter-im-alltag\/#breadcrumb"},"inLanguage":"en-US","potentialAction":[{"@type":"ReadAction","target":["https:\/\/detektiv-international.de\/en\/flucht-aus-der-eu-radikalisierung-und-gefaelschte-impfpaesse-und-impfpflicht-der-feind-und-verraeter-im-alltag\/"]}]},{"@type":"ImageObject","inLanguage":"en-US","@id":"https:\/\/detektiv-international.de\/en\/flucht-aus-der-eu-radikalisierung-und-gefaelschte-impfpaesse-und-impfpflicht-der-feind-und-verraeter-im-alltag\/#primaryimage","url":"https:\/\/detektiv-international.de\/wp-content\/uploads\/2021\/12\/digital-vaccination-record-6314529_1920.jpg","contentUrl":"https:\/\/detektiv-international.de\/wp-content\/uploads\/2021\/12\/digital-vaccination-record-6314529_1920.jpg","width":1920,"height":1267},{"@type":"BreadcrumbList","@id":"https:\/\/detektiv-international.de\/en\/flucht-aus-der-eu-radikalisierung-und-gefaelschte-impfpaesse-und-impfpflicht-der-feind-und-verraeter-im-alltag\/#breadcrumb","itemListElement":[{"@type":"ListItem","position":1,"name":"Home","item":"https:\/\/detektiv-international.de\/en\/"},{"@type":"ListItem","position":2,"name":"Flucht aus der EU, Radikalisierung und gef\u00e4lschte Impfp\u00e4sse und Impfpflicht &#8211; Der Feind und Verr\u00e4ter im Alltag?"}]},{"@type":"WebSite","@id":"https:\/\/detektiv-international.de\/en\/#website","url":"https:\/\/detektiv-international.de\/en\/","name":"ManagerSOS","description":"Detective Agency","publisher":{"@id":"https:\/\/detektiv-international.de\/en\/#organization"},"potentialAction":[{"@type":"SearchAction","target":{"@type":"EntryPoint","urlTemplate":"https:\/\/detektiv-international.de\/en\/?s={search_term_string}"},"query-input":{"@type":"PropertyValueSpecification","valueRequired":true,"valueName":"search_term_string"}}],"inLanguage":"en-US"},{"@type":"Organization","@id":"https:\/\/detektiv-international.de\/en\/#organization","name":"Detektei und Wirtschafstdetektei ManagerSOS - Detektive","url":"https:\/\/detektiv-international.de\/en\/","logo":{"@type":"ImageObject","inLanguage":"en-US","@id":"https:\/\/detektiv-international.de\/en\/#\/schema\/logo\/image\/","url":"https:\/\/detektiv-international.de\/wp-content\/uploads\/2018\/12\/Nummern.jpg","contentUrl":"https:\/\/detektiv-international.de\/wp-content\/uploads\/2018\/12\/Nummern.jpg","width":600,"height":300,"caption":"Detektei und Wirtschafstdetektei ManagerSOS - Detektive"},"image":{"@id":"https:\/\/detektiv-international.de\/en\/#\/schema\/logo\/image\/"},"sameAs":["https:\/\/www.facebook.com\/detekteiwirtschaftsdetekteimanagersos\/","https:\/\/x.com\/DetekteiFFM","https:\/\/www.instagram.com\/detekteimanagersos\/","https:\/\/www.linkedin.com\/in\/ismael-gerafin-6a5a37b5\/"]},{"@type":"Person","@id":"https:\/\/detektiv-international.de\/en\/#\/schema\/person\/109286ca741a9ce70669804cd5fe3968","name":"Frank","image":{"@type":"ImageObject","inLanguage":"en-US","@id":"https:\/\/secure.gravatar.com\/avatar\/ebd1e55d8c635144f0aa7a4519897ea9d3aa6d4a527cde3ca8b1b0ba2a55b6d2?s=96&d=mm&r=g","url":"https:\/\/secure.gravatar.com\/avatar\/ebd1e55d8c635144f0aa7a4519897ea9d3aa6d4a527cde3ca8b1b0ba2a55b6d2?s=96&d=mm&r=g","contentUrl":"https:\/\/secure.gravatar.com\/avatar\/ebd1e55d8c635144f0aa7a4519897ea9d3aa6d4a527cde3ca8b1b0ba2a55b6d2?s=96&d=mm&r=g","caption":"Frank"},"url":"https:\/\/detektiv-international.de\/en\/author\/frank\/"}]}},"_links":{"self":[{"href":"https:\/\/detektiv-international.de\/en\/wp-json\/wp\/v2\/posts\/10016","targetHints":{"allow":["GET"]}}],"collection":[{"href":"https:\/\/detektiv-international.de\/en\/wp-json\/wp\/v2\/posts"}],"about":[{"href":"https:\/\/detektiv-international.de\/en\/wp-json\/wp\/v2\/types\/post"}],"author":[{"embeddable":true,"href":"https:\/\/detektiv-international.de\/en\/wp-json\/wp\/v2\/users\/4"}],"replies":[{"embeddable":true,"href":"https:\/\/detektiv-international.de\/en\/wp-json\/wp\/v2\/comments?post=10016"}],"version-history":[{"count":15,"href":"https:\/\/detektiv-international.de\/en\/wp-json\/wp\/v2\/posts\/10016\/revisions"}],"predecessor-version":[{"id":10064,"href":"https:\/\/detektiv-international.de\/en\/wp-json\/wp\/v2\/posts\/10016\/revisions\/10064"}],"wp:featuredmedia":[{"embeddable":true,"href":"https:\/\/detektiv-international.de\/en\/wp-json\/wp\/v2\/media\/10031"}],"wp:attachment":[{"href":"https:\/\/detektiv-international.de\/en\/wp-json\/wp\/v2\/media?parent=10016"}],"wp:term":[{"taxonomy":"category","embeddable":true,"href":"https:\/\/detektiv-international.de\/en\/wp-json\/wp\/v2\/categories?post=10016"},{"taxonomy":"post_tag","embeddable":true,"href":"https:\/\/detektiv-international.de\/en\/wp-json\/wp\/v2\/tags?post=10016"}],"curies":[{"name":"wp","href":"https:\/\/api.w.org\/{rel}","templated":true}]}}